{"id":3274,"date":"2025-09-29T00:35:22","date_gmt":"2025-09-29T03:35:22","guid":{"rendered":"https:\/\/www.ciasfe1.org\/website\/?p=3274"},"modified":"2025-09-28T10:36:02","modified_gmt":"2025-09-28T13:36:02","slug":"29-de-septiembre-dia-internacional-de-la-concientizacion-sobre-la-perdida-y-el-desperdicio-de-alimentos","status":"publish","type":"post","link":"https:\/\/www.ciasfe1.org\/website\/29-de-septiembre-dia-internacional-de-la-concientizacion-sobre-la-perdida-y-el-desperdicio-de-alimentos\/","title":{"rendered":"29 de septiembre | D\u00eda internacional de la concientizaci\u00f3n sobre la p\u00e9rdida y el desperdicio de alimentos"},"content":{"rendered":"<div class=\"x_gmail-\">\n<div class=\"x_gmail-_1mf x_gmail-_1mj\"><span data-olk-copy-source=\"MessageBody\">29 de septiembre | D\u00eda internacional de la concientizaci\u00f3n sobre la p\u00e9rdida y el desperdicio de alimentos<\/span><\/div>\n<\/div>\n<div class=\"x_gmail-\">\n<div class=\"x_gmail-_1mf x_gmail-_1mj\"><\/div>\n<\/div>\n<div class=\"x_gmail-\">\n<div class=\"x_gmail-_1mf x_gmail-_1mj\">El desperdicio de alimentos es un problema ambiental, genera gases de efecto invernadero y consume recursos valiosos como agua y energ\u00eda. Generar conciencia es el desaf\u00edo.<\/div>\n<\/div>\n","protected":false},"excerpt":{"rendered":"<p>29 de septiembre | D\u00eda internacional de la concientizaci\u00f3n sobre la p\u00e9rdida y el desperdicio de alimentos El desperdicio de alimentos es un problema ambiental, genera gases de efecto invernadero y consume recursos valiosos como agua y energ\u00eda. Generar conciencia es el desaf\u00edo.<\/p>\n","protected":false},"author":1,"featured_media":3271,"comment_status":"closed","ping_status":"closed","sticky":false,"template":"","format":"standard","meta":{"footnotes":""},"categories":[52,37],"tags":[],"class_list":{"0":"post-3274","1":"post","2":"type-post","3":"status-publish","4":"format-standard","5":"has-post-thumbnail","7":"category-efemerides","8":"category-novedades"},"_links":{"self":[{"href":"https:\/\/www.ciasfe1.org\/website\/wp-json\/wp\/v2\/posts\/3274","targetHints":{"allow":["GET"]}}],"collection":[{"href":"https:\/\/www.ciasfe1.org\/website\/wp-json\/wp\/v2\/posts"}],"about":[{"href":"https:\/\/www.ciasfe1.org\/website\/wp-json\/wp\/v2\/types\/post"}],"author":[{"embeddable":true,"href":"https:\/\/www.ciasfe1.org\/website\/wp-json\/wp\/v2\/users\/1"}],"replies":[{"embeddable":true,"href":"https:\/\/www.ciasfe1.org\/website\/wp-json\/wp\/v2\/comments?post=3274"}],"version-history":[{"count":2,"href":"https:\/\/www.ciasfe1.org\/website\/wp-json\/wp\/v2\/posts\/3274\/revisions"}],"predecessor-version":[{"id":3276,"href":"https:\/\/www.ciasfe1.org\/website\/wp-json\/wp\/v2\/posts\/3274\/revisions\/3276"}],"wp:featuredmedia":[{"embeddable":true,"href":"https:\/\/www.ciasfe1.org\/website\/wp-json\/wp\/v2\/media\/3271"}],"wp:attachment":[{"href":"https:\/\/www.ciasfe1.org\/website\/wp-json\/wp\/v2\/media?parent=3274"}],"wp:term":[{"taxonomy":"category","embeddable":true,"href":"https:\/\/www.ciasfe1.org\/website\/wp-json\/wp\/v2\/categories?post=3274"},{"taxonomy":"post_tag","embeddable":true,"href":"https:\/\/www.ciasfe1.org\/website\/wp-json\/wp\/v2\/tags?post=3274"}],"curies":[{"name":"wp","href":"https:\/\/api.w.org\/{rel}","templated":true}]}}