{"id":1409,"date":"2022-02-18T09:35:21","date_gmt":"2022-02-18T12:35:21","guid":{"rendered":"https:\/\/www.ciasfe1.org\/website\/?p=1409"},"modified":"2022-02-19T09:42:34","modified_gmt":"2022-02-19T12:42:34","slug":"asuncion-nuevas-autoridades-en-la-facultad-de-ciencias-agrarias-unl","status":"publish","type":"post","link":"https:\/\/www.ciasfe1.org\/website\/asuncion-nuevas-autoridades-en-la-facultad-de-ciencias-agrarias-unl\/","title":{"rendered":"Asunci\u00f3n nuevas autoridades en la Facultad de Ciencias Agrarias (UNL)"},"content":{"rendered":"<div dir=\"auto\">Asunci\u00f3n de las nuevas autoridades en la Facultad de Ciencias Agrarias (UNL)<\/div>\n<div dir=\"auto\">El pasado jueves 17 de febrero de 2022 asumieron las nuevas autoridades de la FCA. Su Decano Oscar E. Osan y la Vicedecana Mariel Perreta, quienes estar\u00e1n cumpliendo el mandato para el que fueron electos durante los pr\u00f3ximos 4 a\u00f1os (2022-26). Participaron el Dr. Norberto Gariglio, Decano saliente y la Dra. Adriana Engler, Vicedecana saliente.<\/div>\n<div dir=\"auto\">La Facultad de Ciencias Agrarias (UNL) cumpli\u00f3 23 a\u00f1os de vida este 15 de febrero, lo que simboliza una fecha propicia para valorar los logros que la comunidad universitaria ha construido.<\/div>\n<div dir=\"auto\"><\/div>\n<div dir=\"auto\"><img loading=\"lazy\" decoding=\"async\" class=\"aligncenter size-large wp-image-1411\" src=\"https:\/\/www.ciasfe1.org\/website\/wp-content\/uploads\/2022\/02\/FCA-asunci\u00f3n-3-1024x768.jpg\" alt=\"\" width=\"696\" height=\"522\" srcset=\"https:\/\/www.ciasfe1.org\/website\/wp-content\/uploads\/2022\/02\/FCA-asunci\u00f3n-3-1024x768.jpg 1024w, https:\/\/www.ciasfe1.org\/website\/wp-content\/uploads\/2022\/02\/FCA-asunci\u00f3n-3-300x225.jpg 300w, https:\/\/www.ciasfe1.org\/website\/wp-content\/uploads\/2022\/02\/FCA-asunci\u00f3n-3-768x576.jpg 768w, https:\/\/www.ciasfe1.org\/website\/wp-content\/uploads\/2022\/02\/FCA-asunci\u00f3n-3-696x522.jpg 696w, https:\/\/www.ciasfe1.org\/website\/wp-content\/uploads\/2022\/02\/FCA-asunci\u00f3n-3-1068x801.jpg 1068w, https:\/\/www.ciasfe1.org\/website\/wp-content\/uploads\/2022\/02\/FCA-asunci\u00f3n-3-560x420.jpg 560w, https:\/\/www.ciasfe1.org\/website\/wp-content\/uploads\/2022\/02\/FCA-asunci\u00f3n-3-80x60.jpg 80w, https:\/\/www.ciasfe1.org\/website\/wp-content\/uploads\/2022\/02\/FCA-asunci\u00f3n-3-265x198.jpg 265w, https:\/\/www.ciasfe1.org\/website\/wp-content\/uploads\/2022\/02\/FCA-asunci\u00f3n-3.jpg 1440w\" sizes=\"auto, (max-width: 696px) 100vw, 696px\" \/><\/div>\n<div dir=\"auto\"><\/div>\n<div dir=\"auto\">\n<div class=\"x_gmail-cxmmr5t8 x_gmail-oygrvhab x_gmail-hcukyx3x x_gmail-c1et5uql x_gmail-o9v6fnle x_gmail-ii04i59q\">\n<div dir=\"auto\">El Colegio de Ingenieros Agr\u00f3nomos de la 1ra. Circunscripci\u00f3n acompa\u00f1a este momento tan importante de la vida universitaria como Instituci\u00f3n colegiada y como padrino de la UNL, dese\u00e1ndoles a las nuevas autoridades \u00e9xitos en la gesti\u00f3n que comienzan.<\/div>\n<\/div>\n<\/div>\n<div dir=\"auto\"><\/div>\n<div dir=\"auto\"><\/div>\n<hr \/>\n<p>&nbsp;<\/p>\n","protected":false},"excerpt":{"rendered":"<p>Asunci\u00f3n de las nuevas autoridades en la Facultad de Ciencias Agrarias (UNL) El pasado jueves 17 de febrero de 2022 asumieron las nuevas autoridades de la FCA. Su Decano Oscar E. Osan y la Vicedecana Mariel Perreta, quienes estar\u00e1n cumpliendo el mandato para el que fueron electos durante los pr\u00f3ximos 4 a\u00f1os (2022-26). Participaron el [&hellip;]<\/p>\n","protected":false},"author":1,"featured_media":1410,"comment_status":"open","ping_status":"open","sticky":false,"template":"","format":"standard","meta":{"footnotes":""},"categories":[37],"tags":[192,264],"class_list":{"0":"post-1409","1":"post","2":"type-post","3":"status-publish","4":"format-standard","5":"has-post-thumbnail","7":"category-novedades","8":"tag-autoridades","9":"tag-unl"},"_links":{"self":[{"href":"https:\/\/www.ciasfe1.org\/website\/wp-json\/wp\/v2\/posts\/1409","targetHints":{"allow":["GET"]}}],"collection":[{"href":"https:\/\/www.ciasfe1.org\/website\/wp-json\/wp\/v2\/posts"}],"about":[{"href":"https:\/\/www.ciasfe1.org\/website\/wp-json\/wp\/v2\/types\/post"}],"author":[{"embeddable":true,"href":"https:\/\/www.ciasfe1.org\/website\/wp-json\/wp\/v2\/users\/1"}],"replies":[{"embeddable":true,"href":"https:\/\/www.ciasfe1.org\/website\/wp-json\/wp\/v2\/comments?post=1409"}],"version-history":[{"count":2,"href":"https:\/\/www.ciasfe1.org\/website\/wp-json\/wp\/v2\/posts\/1409\/revisions"}],"predecessor-version":[{"id":1414,"href":"https:\/\/www.ciasfe1.org\/website\/wp-json\/wp\/v2\/posts\/1409\/revisions\/1414"}],"wp:featuredmedia":[{"embeddable":true,"href":"https:\/\/www.ciasfe1.org\/website\/wp-json\/wp\/v2\/media\/1410"}],"wp:attachment":[{"href":"https:\/\/www.ciasfe1.org\/website\/wp-json\/wp\/v2\/media?parent=1409"}],"wp:term":[{"taxonomy":"category","embeddable":true,"href":"https:\/\/www.ciasfe1.org\/website\/wp-json\/wp\/v2\/categories?post=1409"},{"taxonomy":"post_tag","embeddable":true,"href":"https:\/\/www.ciasfe1.org\/website\/wp-json\/wp\/v2\/tags?post=1409"}],"curies":[{"name":"wp","href":"https:\/\/api.w.org\/{rel}","templated":true}]}}